{"id":119071,"date":"2023-02-07T14:48:13","date_gmt":"2023-02-07T19:48:13","guid":{"rendered":"https:\/\/www.bbaf.ulaval.ca\/?p=119071"},"modified":"2023-02-07T14:48:13","modified_gmt":"2023-02-07T19:48:13","slug":"rappel-aux-beneficiaires-de-prets-et-bourses-du-gouvernement-du-quebec-2","status":"publish","type":"post","link":"https:\/\/www.bbaf.ulaval.ca\/en\/nouvelles\/rappel-aux-beneficiaires-de-prets-et-bourses-du-gouvernement-du-quebec-2\/","title":{"rendered":"Rappel aux b\u00e9n\u00e9ficiaires de pr\u00eats et bourses du gouvernement du Qu\u00e9bec"},"content":{"rendered":"<p><img loading=\"lazy\" decoding=\"async\" class=\"alignnone wp-image-114522\" src=\"https:\/\/www.bbaf.ulaval.ca\/wp-content\/uploads\/2022\/01\/afe-confirmation-des-ressources-financieres-pour-lannee-2021-700x522.jpg\" alt=\"Ordinateur affichant la page Web de l'Aide financi\u00e8re aux \u00e9tudes du gouvernement du Qu\u00e9bec\" width=\"500\" height=\"373\" srcset=\"https:\/\/www.bbaf.ulaval.ca\/wp-content\/uploads\/2022\/01\/afe-confirmation-des-ressources-financieres-pour-lannee-2021-700x522.jpg 700w, https:\/\/www.bbaf.ulaval.ca\/wp-content\/uploads\/2022\/01\/afe-confirmation-des-ressources-financieres-pour-lannee-2021-250x186.jpg 250w, https:\/\/www.bbaf.ulaval.ca\/wp-content\/uploads\/2022\/01\/afe-confirmation-des-ressources-financieres-pour-lannee-2021-768x573.jpg 768w, https:\/\/www.bbaf.ulaval.ca\/wp-content\/uploads\/2022\/01\/afe-confirmation-des-ressources-financieres-pour-lannee-2021-600x447.jpg 600w, https:\/\/www.bbaf.ulaval.ca\/wp-content\/uploads\/2022\/01\/afe-confirmation-des-ressources-financieres-pour-lannee-2021-120x89.jpg 120w, https:\/\/www.bbaf.ulaval.ca\/wp-content\/uploads\/2022\/01\/afe-confirmation-des-ressources-financieres-pour-lannee-2021.jpg 845w\" sizes=\"auto, (max-width: 500px) 100vw, 500px\" \/><\/p>\n<p>&nbsp;<\/p>\n<p>Si vous avez des pr\u00eats et bourses, n\u2019oubliez pas de remplir le formulaire de <strong>Confirmation des ressources financi\u00e8res pour l\u2019ann\u00e9e 2022<\/strong>.<\/p>\n<p>Le formulaire est disponible dans votre <a href=\"https:\/\/www.quebec.ca\/education\/aide-financiere-aux-etudes\/services-ligne\" target=\"_blank\" rel=\"noopener\">Dossier d&#8217;aide financi\u00e8re aux \u00e9tudes<\/a>.<\/p>\n<div class=\"boite-bleue\">Afin d\u2019\u00e9viter la suspension de vos versements d\u2019aide financi\u00e8re, vous devez le <strong>remplir au plus tard le 16 f\u00e9vrier 2023.<\/strong><\/div>\n<p>Vous avez des questions? Communiquez avec nous!<\/p>\n<p>&nbsp;<\/p>\n<span class=\"bouton_bleu\"><a href=\"https:\/\/www.bbaf.ulaval.ca\/nous-joindre\/\" target=\"_blank\" rel=\"noopener\">Nous joindre<\/a><\/span>\n<p>&nbsp;<\/p>\n","protected":false},"excerpt":{"rendered":"<p>&nbsp; Si vous avez des pr\u00eats et bourses, n\u2019oubliez pas de remplir le formulaire de Confirmation des ressources financi\u00e8res pour l\u2019ann\u00e9e 2022. Le formulaire est disponible dans votre Dossier d&#8217;aide financi\u00e8re aux \u00e9tudes. Vous avez des questions? Communiquez avec nous! &nbsp; &nbsp;<\/p>\n","protected":false},"author":42,"featured_media":0,"comment_status":"closed","ping_status":"closed","sticky":false,"template":"","format":"standard","meta":{"_acf_changed":false,"footnotes":""},"categories":[117],"tags":[],"class_list":["post-119071","post","type-post","status-publish","format-standard","hentry","category-nouvelles"],"acf":[],"yoast_head":"<!-- This site is optimized with the Yoast SEO plugin v27.0 - https:\/\/yoast.com\/product\/yoast-seo-wordpress\/ -->\n<title>Rappel aux b\u00e9n\u00e9ficiaires de pr\u00eats et bourses du gouvernement du Qu\u00e9bec | Bureau des bourses et de l&#039;aide financi\u00e8re (BBAF)<\/title>\n<meta name=\"robots\" content=\"index, follow, max-snippet:-1, max-image-preview:large, max-video-preview:-1\" \/>\n<link rel=\"canonical\" href=\"https:\/\/www.bbaf.ulaval.ca\/en\/nouvelles\/rappel-aux-beneficiaires-de-prets-et-bourses-du-gouvernement-du-quebec-2\/\" \/>\n<meta property=\"og:locale\" content=\"en_US\" \/>\n<meta property=\"og:type\" content=\"article\" \/>\n<meta property=\"og:title\" content=\"Rappel aux b\u00e9n\u00e9ficiaires de pr\u00eats et bourses du gouvernement du Qu\u00e9bec | Bureau des bourses et de l&#039;aide financi\u00e8re (BBAF)\" \/>\n<meta property=\"og:description\" content=\"&nbsp; Si vous avez des pr\u00eats et bourses, n\u2019oubliez pas de remplir le formulaire de Confirmation des ressources financi\u00e8res pour l\u2019ann\u00e9e 2022. Le formulaire est disponible dans votre Dossier d&#8217;aide financi\u00e8re aux \u00e9tudes. Vous avez des questions? Communiquez avec nous! &nbsp; &nbsp;\" \/>\n<meta property=\"og:url\" content=\"https:\/\/www.bbaf.ulaval.ca\/en\/nouvelles\/rappel-aux-beneficiaires-de-prets-et-bourses-du-gouvernement-du-quebec-2\/\" \/>\n<meta property=\"og:site_name\" content=\"Bureau des bourses et de l&#039;aide financi\u00e8re (BBAF)\" \/>\n<meta property=\"article:publisher\" content=\"https:\/\/www.facebook.com\/bourses\" \/>\n<meta property=\"article:published_time\" content=\"2023-02-07T19:48:13+00:00\" \/>\n<meta property=\"og:image\" content=\"https:\/\/www.bbaf.ulaval.ca\/wp-content\/uploads\/2022\/01\/afe-confirmation-des-ressources-financieres-pour-lannee-2021-700x522.jpg\" \/>\n<meta name=\"author\" content=\"Am\u00e9lie Lebel\" \/>\n<meta name=\"twitter:label1\" content=\"Written by\" \/>\n\t<meta name=\"twitter:data1\" content=\"Am\u00e9lie Lebel\" \/>\n\t<meta name=\"twitter:label2\" content=\"Est. reading time\" \/>\n\t<meta name=\"twitter:data2\" content=\"1 minute\" \/>\n<script type=\"application\/ld+json\" class=\"yoast-schema-graph\">{\"@context\":\"https:\/\/schema.org\",\"@graph\":[{\"@type\":\"Article\",\"@id\":\"https:\/\/www.bbaf.ulaval.ca\/en\/nouvelles\/rappel-aux-beneficiaires-de-prets-et-bourses-du-gouvernement-du-quebec-2\/#article\",\"isPartOf\":{\"@id\":\"https:\/\/www.bbaf.ulaval.ca\/en\/nouvelles\/rappel-aux-beneficiaires-de-prets-et-bourses-du-gouvernement-du-quebec-2\/\"},\"author\":{\"name\":\"Am\u00e9lie Lebel\",\"@id\":\"https:\/\/www.bbaf.ulaval.ca\/en\/#\/schema\/person\/bd7554120dbea704c690bf4db11ff3b6\"},\"headline\":\"Rappel aux b\u00e9n\u00e9ficiaires de pr\u00eats et bourses du gouvernement du Qu\u00e9bec\",\"datePublished\":\"2023-02-07T19:48:13+00:00\",\"mainEntityOfPage\":{\"@id\":\"https:\/\/www.bbaf.ulaval.ca\/en\/nouvelles\/rappel-aux-beneficiaires-de-prets-et-bourses-du-gouvernement-du-quebec-2\/\"},\"wordCount\":95,\"image\":{\"@id\":\"https:\/\/www.bbaf.ulaval.ca\/en\/nouvelles\/rappel-aux-beneficiaires-de-prets-et-bourses-du-gouvernement-du-quebec-2\/#primaryimage\"},\"thumbnailUrl\":\"https:\/\/www.bbaf.ulaval.ca\/wp-content\/uploads\/2022\/01\/afe-confirmation-des-ressources-financieres-pour-lannee-2021-700x522.jpg\",\"articleSection\":[\"Nouvelles\"],\"inLanguage\":\"en\"},{\"@type\":\"WebPage\",\"@id\":\"https:\/\/www.bbaf.ulaval.ca\/en\/nouvelles\/rappel-aux-beneficiaires-de-prets-et-bourses-du-gouvernement-du-quebec-2\/\",\"url\":\"https:\/\/www.bbaf.ulaval.ca\/en\/nouvelles\/rappel-aux-beneficiaires-de-prets-et-bourses-du-gouvernement-du-quebec-2\/\",\"name\":\"Rappel aux b\u00e9n\u00e9ficiaires de pr\u00eats et bourses du gouvernement du Qu\u00e9bec | Bureau des bourses et de l&#039;aide financi\u00e8re (BBAF)\",\"isPartOf\":{\"@id\":\"https:\/\/www.bbaf.ulaval.ca\/en\/#website\"},\"primaryImageOfPage\":{\"@id\":\"https:\/\/www.bbaf.ulaval.ca\/en\/nouvelles\/rappel-aux-beneficiaires-de-prets-et-bourses-du-gouvernement-du-quebec-2\/#primaryimage\"},\"image\":{\"@id\":\"https:\/\/www.bbaf.ulaval.ca\/en\/nouvelles\/rappel-aux-beneficiaires-de-prets-et-bourses-du-gouvernement-du-quebec-2\/#primaryimage\"},\"thumbnailUrl\":\"https:\/\/www.bbaf.ulaval.ca\/wp-content\/uploads\/2022\/01\/afe-confirmation-des-ressources-financieres-pour-lannee-2021-700x522.jpg\",\"datePublished\":\"2023-02-07T19:48:13+00:00\",\"author\":{\"@id\":\"https:\/\/www.bbaf.ulaval.ca\/en\/#\/schema\/person\/bd7554120dbea704c690bf4db11ff3b6\"},\"breadcrumb\":{\"@id\":\"https:\/\/www.bbaf.ulaval.ca\/en\/nouvelles\/rappel-aux-beneficiaires-de-prets-et-bourses-du-gouvernement-du-quebec-2\/#breadcrumb\"},\"inLanguage\":\"en\",\"potentialAction\":[{\"@type\":\"ReadAction\",\"target\":[\"https:\/\/www.bbaf.ulaval.ca\/en\/nouvelles\/rappel-aux-beneficiaires-de-prets-et-bourses-du-gouvernement-du-quebec-2\/\"]}]},{\"@type\":\"ImageObject\",\"inLanguage\":\"en\",\"@id\":\"https:\/\/www.bbaf.ulaval.ca\/en\/nouvelles\/rappel-aux-beneficiaires-de-prets-et-bourses-du-gouvernement-du-quebec-2\/#primaryimage\",\"url\":\"https:\/\/www.bbaf.ulaval.ca\/wp-content\/uploads\/2022\/01\/afe-confirmation-des-ressources-financieres-pour-lannee-2021-700x522.jpg\",\"contentUrl\":\"https:\/\/www.bbaf.ulaval.ca\/wp-content\/uploads\/2022\/01\/afe-confirmation-des-ressources-financieres-pour-lannee-2021-700x522.jpg\"},{\"@type\":\"BreadcrumbList\",\"@id\":\"https:\/\/www.bbaf.ulaval.ca\/en\/nouvelles\/rappel-aux-beneficiaires-de-prets-et-bourses-du-gouvernement-du-quebec-2\/#breadcrumb\",\"itemListElement\":[{\"@type\":\"ListItem\",\"position\":1,\"name\":\"Accueil\",\"item\":\"https:\/\/www.bbaf.ulaval.ca\/en\/\"},{\"@type\":\"ListItem\",\"position\":2,\"name\":\"Rappel aux b\u00e9n\u00e9ficiaires de pr\u00eats et bourses du gouvernement du Qu\u00e9bec\"}]},{\"@type\":\"WebSite\",\"@id\":\"https:\/\/www.bbaf.ulaval.ca\/en\/#website\",\"url\":\"https:\/\/www.bbaf.ulaval.ca\/en\/\",\"name\":\"Bureau des bourses et de l&#039;aide financi\u00e8re (BBAF)\",\"description\":\"Universit\u00e9 Laval\",\"potentialAction\":[{\"@type\":\"SearchAction\",\"target\":{\"@type\":\"EntryPoint\",\"urlTemplate\":\"https:\/\/www.bbaf.ulaval.ca\/en\/?s={search_term_string}\"},\"query-input\":{\"@type\":\"PropertyValueSpecification\",\"valueRequired\":true,\"valueName\":\"search_term_string\"}}],\"inLanguage\":\"en\"},{\"@type\":\"Person\",\"@id\":\"https:\/\/www.bbaf.ulaval.ca\/en\/#\/schema\/person\/bd7554120dbea704c690bf4db11ff3b6\",\"name\":\"Am\u00e9lie Lebel\",\"image\":{\"@type\":\"ImageObject\",\"inLanguage\":\"en\",\"@id\":\"https:\/\/www.bbaf.ulaval.ca\/en\/#\/schema\/person\/image\/\",\"url\":\"https:\/\/secure.gravatar.com\/avatar\/d3dc99664323b8cf8a2af8e451700f5c71381253db46cf9e61b4db09c06fa379?s=96&d=mm&r=g\",\"contentUrl\":\"https:\/\/secure.gravatar.com\/avatar\/d3dc99664323b8cf8a2af8e451700f5c71381253db46cf9e61b4db09c06fa379?s=96&d=mm&r=g\",\"caption\":\"Am\u00e9lie Lebel\"},\"url\":\"https:\/\/www.bbaf.ulaval.ca\/en\/author\/ambol11\/\"}]}<\/script>\n<!-- \/ Yoast SEO plugin. -->","yoast_head_json":{"title":"Rappel aux b\u00e9n\u00e9ficiaires de pr\u00eats et bourses du gouvernement du Qu\u00e9bec | Bureau des bourses et de l&#039;aide financi\u00e8re (BBAF)","robots":{"index":"index","follow":"follow","max-snippet":"max-snippet:-1","max-image-preview":"max-image-preview:large","max-video-preview":"max-video-preview:-1"},"canonical":"https:\/\/www.bbaf.ulaval.ca\/en\/nouvelles\/rappel-aux-beneficiaires-de-prets-et-bourses-du-gouvernement-du-quebec-2\/","og_locale":"en_US","og_type":"article","og_title":"Rappel aux b\u00e9n\u00e9ficiaires de pr\u00eats et bourses du gouvernement du Qu\u00e9bec | Bureau des bourses et de l&#039;aide financi\u00e8re (BBAF)","og_description":"&nbsp; Si vous avez des pr\u00eats et bourses, n\u2019oubliez pas de remplir le formulaire de Confirmation des ressources financi\u00e8res pour l\u2019ann\u00e9e 2022. Le formulaire est disponible dans votre Dossier d&#8217;aide financi\u00e8re aux \u00e9tudes. Vous avez des questions? Communiquez avec nous! &nbsp; &nbsp;","og_url":"https:\/\/www.bbaf.ulaval.ca\/en\/nouvelles\/rappel-aux-beneficiaires-de-prets-et-bourses-du-gouvernement-du-quebec-2\/","og_site_name":"Bureau des bourses et de l&#039;aide financi\u00e8re (BBAF)","article_publisher":"https:\/\/www.facebook.com\/bourses","article_published_time":"2023-02-07T19:48:13+00:00","og_image":[{"url":"https:\/\/www.bbaf.ulaval.ca\/wp-content\/uploads\/2022\/01\/afe-confirmation-des-ressources-financieres-pour-lannee-2021-700x522.jpg","type":"","width":"","height":""}],"author":"Am\u00e9lie Lebel","twitter_misc":{"Written by":"Am\u00e9lie Lebel","Est. reading time":"1 minute"},"schema":{"@context":"https:\/\/schema.org","@graph":[{"@type":"Article","@id":"https:\/\/www.bbaf.ulaval.ca\/en\/nouvelles\/rappel-aux-beneficiaires-de-prets-et-bourses-du-gouvernement-du-quebec-2\/#article","isPartOf":{"@id":"https:\/\/www.bbaf.ulaval.ca\/en\/nouvelles\/rappel-aux-beneficiaires-de-prets-et-bourses-du-gouvernement-du-quebec-2\/"},"author":{"name":"Am\u00e9lie Lebel","@id":"https:\/\/www.bbaf.ulaval.ca\/en\/#\/schema\/person\/bd7554120dbea704c690bf4db11ff3b6"},"headline":"Rappel aux b\u00e9n\u00e9ficiaires de pr\u00eats et bourses du gouvernement du Qu\u00e9bec","datePublished":"2023-02-07T19:48:13+00:00","mainEntityOfPage":{"@id":"https:\/\/www.bbaf.ulaval.ca\/en\/nouvelles\/rappel-aux-beneficiaires-de-prets-et-bourses-du-gouvernement-du-quebec-2\/"},"wordCount":95,"image":{"@id":"https:\/\/www.bbaf.ulaval.ca\/en\/nouvelles\/rappel-aux-beneficiaires-de-prets-et-bourses-du-gouvernement-du-quebec-2\/#primaryimage"},"thumbnailUrl":"https:\/\/www.bbaf.ulaval.ca\/wp-content\/uploads\/2022\/01\/afe-confirmation-des-ressources-financieres-pour-lannee-2021-700x522.jpg","articleSection":["Nouvelles"],"inLanguage":"en"},{"@type":"WebPage","@id":"https:\/\/www.bbaf.ulaval.ca\/en\/nouvelles\/rappel-aux-beneficiaires-de-prets-et-bourses-du-gouvernement-du-quebec-2\/","url":"https:\/\/www.bbaf.ulaval.ca\/en\/nouvelles\/rappel-aux-beneficiaires-de-prets-et-bourses-du-gouvernement-du-quebec-2\/","name":"Rappel aux b\u00e9n\u00e9ficiaires de pr\u00eats et bourses du gouvernement du Qu\u00e9bec | Bureau des bourses et de l&#039;aide financi\u00e8re (BBAF)","isPartOf":{"@id":"https:\/\/www.bbaf.ulaval.ca\/en\/#website"},"primaryImageOfPage":{"@id":"https:\/\/www.bbaf.ulaval.ca\/en\/nouvelles\/rappel-aux-beneficiaires-de-prets-et-bourses-du-gouvernement-du-quebec-2\/#primaryimage"},"image":{"@id":"https:\/\/www.bbaf.ulaval.ca\/en\/nouvelles\/rappel-aux-beneficiaires-de-prets-et-bourses-du-gouvernement-du-quebec-2\/#primaryimage"},"thumbnailUrl":"https:\/\/www.bbaf.ulaval.ca\/wp-content\/uploads\/2022\/01\/afe-confirmation-des-ressources-financieres-pour-lannee-2021-700x522.jpg","datePublished":"2023-02-07T19:48:13+00:00","author":{"@id":"https:\/\/www.bbaf.ulaval.ca\/en\/#\/schema\/person\/bd7554120dbea704c690bf4db11ff3b6"},"breadcrumb":{"@id":"https:\/\/www.bbaf.ulaval.ca\/en\/nouvelles\/rappel-aux-beneficiaires-de-prets-et-bourses-du-gouvernement-du-quebec-2\/#breadcrumb"},"inLanguage":"en","potentialAction":[{"@type":"ReadAction","target":["https:\/\/www.bbaf.ulaval.ca\/en\/nouvelles\/rappel-aux-beneficiaires-de-prets-et-bourses-du-gouvernement-du-quebec-2\/"]}]},{"@type":"ImageObject","inLanguage":"en","@id":"https:\/\/www.bbaf.ulaval.ca\/en\/nouvelles\/rappel-aux-beneficiaires-de-prets-et-bourses-du-gouvernement-du-quebec-2\/#primaryimage","url":"https:\/\/www.bbaf.ulaval.ca\/wp-content\/uploads\/2022\/01\/afe-confirmation-des-ressources-financieres-pour-lannee-2021-700x522.jpg","contentUrl":"https:\/\/www.bbaf.ulaval.ca\/wp-content\/uploads\/2022\/01\/afe-confirmation-des-ressources-financieres-pour-lannee-2021-700x522.jpg"},{"@type":"BreadcrumbList","@id":"https:\/\/www.bbaf.ulaval.ca\/en\/nouvelles\/rappel-aux-beneficiaires-de-prets-et-bourses-du-gouvernement-du-quebec-2\/#breadcrumb","itemListElement":[{"@type":"ListItem","position":1,"name":"Accueil","item":"https:\/\/www.bbaf.ulaval.ca\/en\/"},{"@type":"ListItem","position":2,"name":"Rappel aux b\u00e9n\u00e9ficiaires de pr\u00eats et bourses du gouvernement du Qu\u00e9bec"}]},{"@type":"WebSite","@id":"https:\/\/www.bbaf.ulaval.ca\/en\/#website","url":"https:\/\/www.bbaf.ulaval.ca\/en\/","name":"Bureau des bourses et de l&#039;aide financi\u00e8re (BBAF)","description":"Universit\u00e9 Laval","potentialAction":[{"@type":"SearchAction","target":{"@type":"EntryPoint","urlTemplate":"https:\/\/www.bbaf.ulaval.ca\/en\/?s={search_term_string}"},"query-input":{"@type":"PropertyValueSpecification","valueRequired":true,"valueName":"search_term_string"}}],"inLanguage":"en"},{"@type":"Person","@id":"https:\/\/www.bbaf.ulaval.ca\/en\/#\/schema\/person\/bd7554120dbea704c690bf4db11ff3b6","name":"Am\u00e9lie Lebel","image":{"@type":"ImageObject","inLanguage":"en","@id":"https:\/\/www.bbaf.ulaval.ca\/en\/#\/schema\/person\/image\/","url":"https:\/\/secure.gravatar.com\/avatar\/d3dc99664323b8cf8a2af8e451700f5c71381253db46cf9e61b4db09c06fa379?s=96&d=mm&r=g","contentUrl":"https:\/\/secure.gravatar.com\/avatar\/d3dc99664323b8cf8a2af8e451700f5c71381253db46cf9e61b4db09c06fa379?s=96&d=mm&r=g","caption":"Am\u00e9lie Lebel"},"url":"https:\/\/www.bbaf.ulaval.ca\/en\/author\/ambol11\/"}]}},"_links":{"self":[{"href":"https:\/\/www.bbaf.ulaval.ca\/en\/wp-json\/wp\/v2\/posts\/119071","targetHints":{"allow":["GET"]}}],"collection":[{"href":"https:\/\/www.bbaf.ulaval.ca\/en\/wp-json\/wp\/v2\/posts"}],"about":[{"href":"https:\/\/www.bbaf.ulaval.ca\/en\/wp-json\/wp\/v2\/types\/post"}],"author":[{"embeddable":true,"href":"https:\/\/www.bbaf.ulaval.ca\/en\/wp-json\/wp\/v2\/users\/42"}],"replies":[{"embeddable":true,"href":"https:\/\/www.bbaf.ulaval.ca\/en\/wp-json\/wp\/v2\/comments?post=119071"}],"version-history":[{"count":1,"href":"https:\/\/www.bbaf.ulaval.ca\/en\/wp-json\/wp\/v2\/posts\/119071\/revisions"}],"predecessor-version":[{"id":119072,"href":"https:\/\/www.bbaf.ulaval.ca\/en\/wp-json\/wp\/v2\/posts\/119071\/revisions\/119072"}],"wp:attachment":[{"href":"https:\/\/www.bbaf.ulaval.ca\/en\/wp-json\/wp\/v2\/media?parent=119071"}],"wp:term":[{"taxonomy":"category","embeddable":true,"href":"https:\/\/www.bbaf.ulaval.ca\/en\/wp-json\/wp\/v2\/categories?post=119071"},{"taxonomy":"post_tag","embeddable":true,"href":"https:\/\/www.bbaf.ulaval.ca\/en\/wp-json\/wp\/v2\/tags?post=119071"}],"curies":[{"name":"wp","href":"https:\/\/api.w.org\/{rel}","templated":true}]}}