{"id":126419,"date":"2026-04-23T09:27:55","date_gmt":"2026-04-23T13:27:55","guid":{"rendered":"https:\/\/www.bbaf.ulaval.ca\/?p=126419"},"modified":"2026-04-23T09:27:55","modified_gmt":"2026-04-23T13:27:55","slug":"webinaire-sur-le-nouveau-cv-descriptif-des-organismes-subventionnaires","status":"publish","type":"post","link":"https:\/\/www.bbaf.ulaval.ca\/en\/nouvelles\/webinaire-sur-le-nouveau-cv-descriptif-des-organismes-subventionnaires\/","title":{"rendered":"Webinaire sur le nouveau CV descriptif des organismes subventionnaires"},"content":{"rendered":"<p><img loading=\"lazy\" decoding=\"async\" width=\"660\" height=\"232\" class=\"alignnone size-full wp-image-126420\" src=\"https:\/\/www.bbaf.ulaval.ca\/wp-content\/uploads\/2026\/04\/vignette-bulletin-webinaire-cv-descriptif.jpg\" alt=\"\" srcset=\"https:\/\/www.bbaf.ulaval.ca\/wp-content\/uploads\/2026\/04\/vignette-bulletin-webinaire-cv-descriptif.jpg 660w, https:\/\/www.bbaf.ulaval.ca\/wp-content\/uploads\/2026\/04\/vignette-bulletin-webinaire-cv-descriptif-250x88.jpg 250w, https:\/\/www.bbaf.ulaval.ca\/wp-content\/uploads\/2026\/04\/vignette-bulletin-webinaire-cv-descriptif-120x42.jpg 120w\" sizes=\"auto, (max-width: 660px) 100vw, 660px\" \/><\/p>\n<p>&nbsp;<\/p>\n<p><strong>Assistez \u00e0 cette s\u00e9ance d&#8217;information sur le nouveau CV descriptif qui sera prochainement exig\u00e9 par les organismes subventionnaires!<\/strong><\/p>\n<p>&nbsp;<\/p>\n<p><span style=\"color: #ed1c24;\"><strong>12 mai 2026 de 9h \u00e0 10h <\/strong><\/span><br \/>\n<strong>Inscription obligatoire<\/strong><\/p>\n<p>&nbsp;<\/p>\n<p>Vous \u00e9tudiez aux cycles sup\u00e9rieurs ou effectuez un stage postdoctoral et souhaitez prochainement soumettre votre dossier de candidature \u00e0 l&#8217;un des concours de bourses des organismes subventionnaires? Participez \u00e0 ce webinaire pour vous familiariser avec le nouveau CV descriptif qui remplacera progressivement le CV commun canadien (CVC), dont l\u2019abandon a \u00e9t\u00e9 officiellement annonc\u00e9 par les 3 Conseils de recherche f\u00e9d\u00e9raux, ainsi que par le Fonds de recherche du Qu\u00e9bec (FRQ) pour ses concours.<\/p>\n<p>&nbsp;<\/p>\n<p><a href=\"https:\/\/event.fourwaves.com\/fr\/fesp-cvdescriptif\/pages\" target=\"_blank\" rel=\"noopener\"><span class=\"bouton_bleu\">En savoir davantage<\/span><\/a><\/p>\n<p>&nbsp;<\/p>\n","protected":false},"excerpt":{"rendered":"<p>&nbsp; Assistez \u00e0 cette s\u00e9ance d&#8217;information sur le nouveau CV descriptif qui sera prochainement exig\u00e9 par les organismes subventionnaires! &nbsp; 12 mai 2026 de 9h \u00e0 10h Inscription obligatoire &nbsp; Vous \u00e9tudiez aux cycles sup\u00e9rieurs ou effectuez un stage postdoctoral et souhaitez prochainement soumettre votre dossier de candidature \u00e0 l&#8217;un des concours de bourses des [&hellip;]<\/p>\n","protected":false},"author":42,"featured_media":0,"comment_status":"closed","ping_status":"closed","sticky":false,"template":"","format":"standard","meta":{"_acf_changed":false,"footnotes":""},"categories":[117],"tags":[],"class_list":["post-126419","post","type-post","status-publish","format-standard","hentry","category-nouvelles"],"acf":[],"yoast_head":"<!-- This site is optimized with the Yoast SEO plugin v27.0 - https:\/\/yoast.com\/product\/yoast-seo-wordpress\/ -->\n<title>Webinaire sur le nouveau CV descriptif des organismes subventionnaires | Bureau des bourses et de l&#039;aide financi\u00e8re (BBAF)<\/title>\n<meta name=\"robots\" content=\"index, follow, max-snippet:-1, max-image-preview:large, max-video-preview:-1\" \/>\n<link rel=\"canonical\" href=\"https:\/\/www.bbaf.ulaval.ca\/en\/nouvelles\/webinaire-sur-le-nouveau-cv-descriptif-des-organismes-subventionnaires\/\" \/>\n<meta property=\"og:locale\" content=\"en_US\" \/>\n<meta property=\"og:type\" content=\"article\" \/>\n<meta property=\"og:title\" content=\"Webinaire sur le nouveau CV descriptif des organismes subventionnaires | Bureau des bourses et de l&#039;aide financi\u00e8re (BBAF)\" \/>\n<meta property=\"og:description\" content=\"&nbsp; Assistez \u00e0 cette s\u00e9ance d&#8217;information sur le nouveau CV descriptif qui sera prochainement exig\u00e9 par les organismes subventionnaires! &nbsp; 12 mai 2026 de 9h \u00e0 10h Inscription obligatoire &nbsp; Vous \u00e9tudiez aux cycles sup\u00e9rieurs ou effectuez un stage postdoctoral et souhaitez prochainement soumettre votre dossier de candidature \u00e0 l&#8217;un des concours de bourses des [&hellip;]\" \/>\n<meta property=\"og:url\" content=\"https:\/\/www.bbaf.ulaval.ca\/en\/nouvelles\/webinaire-sur-le-nouveau-cv-descriptif-des-organismes-subventionnaires\/\" \/>\n<meta property=\"og:site_name\" content=\"Bureau des bourses et de l&#039;aide financi\u00e8re (BBAF)\" \/>\n<meta property=\"article:publisher\" content=\"https:\/\/www.facebook.com\/bourses\" \/>\n<meta property=\"article:published_time\" content=\"2026-04-23T13:27:55+00:00\" \/>\n<meta property=\"og:image\" content=\"https:\/\/www.bbaf.ulaval.ca\/wp-content\/uploads\/2026\/04\/vignette-bulletin-webinaire-cv-descriptif.jpg\" \/>\n\t<meta property=\"og:image:width\" content=\"660\" \/>\n\t<meta property=\"og:image:height\" content=\"232\" \/>\n\t<meta property=\"og:image:type\" content=\"image\/jpeg\" \/>\n<meta name=\"author\" content=\"Am\u00e9lie Lebel\" \/>\n<meta name=\"twitter:label1\" content=\"Written by\" \/>\n\t<meta name=\"twitter:data1\" content=\"Am\u00e9lie Lebel\" \/>\n\t<meta name=\"twitter:label2\" content=\"Est. reading time\" \/>\n\t<meta name=\"twitter:data2\" content=\"1 minute\" \/>\n<script type=\"application\/ld+json\" class=\"yoast-schema-graph\">{\"@context\":\"https:\/\/schema.org\",\"@graph\":[{\"@type\":\"Article\",\"@id\":\"https:\/\/www.bbaf.ulaval.ca\/en\/nouvelles\/webinaire-sur-le-nouveau-cv-descriptif-des-organismes-subventionnaires\/#article\",\"isPartOf\":{\"@id\":\"https:\/\/www.bbaf.ulaval.ca\/en\/nouvelles\/webinaire-sur-le-nouveau-cv-descriptif-des-organismes-subventionnaires\/\"},\"author\":{\"name\":\"Am\u00e9lie Lebel\",\"@id\":\"https:\/\/www.bbaf.ulaval.ca\/en\/#\/schema\/person\/bd7554120dbea704c690bf4db11ff3b6\"},\"headline\":\"Webinaire sur le nouveau CV descriptif des organismes subventionnaires\",\"datePublished\":\"2026-04-23T13:27:55+00:00\",\"mainEntityOfPage\":{\"@id\":\"https:\/\/www.bbaf.ulaval.ca\/en\/nouvelles\/webinaire-sur-le-nouveau-cv-descriptif-des-organismes-subventionnaires\/\"},\"wordCount\":122,\"image\":{\"@id\":\"https:\/\/www.bbaf.ulaval.ca\/en\/nouvelles\/webinaire-sur-le-nouveau-cv-descriptif-des-organismes-subventionnaires\/#primaryimage\"},\"thumbnailUrl\":\"https:\/\/www.bbaf.ulaval.ca\/wp-content\/uploads\/2026\/04\/vignette-bulletin-webinaire-cv-descriptif.jpg\",\"articleSection\":[\"Nouvelles\"],\"inLanguage\":\"en\"},{\"@type\":\"WebPage\",\"@id\":\"https:\/\/www.bbaf.ulaval.ca\/en\/nouvelles\/webinaire-sur-le-nouveau-cv-descriptif-des-organismes-subventionnaires\/\",\"url\":\"https:\/\/www.bbaf.ulaval.ca\/en\/nouvelles\/webinaire-sur-le-nouveau-cv-descriptif-des-organismes-subventionnaires\/\",\"name\":\"Webinaire sur le nouveau CV descriptif des organismes subventionnaires | Bureau des bourses et de l&#039;aide financi\u00e8re (BBAF)\",\"isPartOf\":{\"@id\":\"https:\/\/www.bbaf.ulaval.ca\/en\/#website\"},\"primaryImageOfPage\":{\"@id\":\"https:\/\/www.bbaf.ulaval.ca\/en\/nouvelles\/webinaire-sur-le-nouveau-cv-descriptif-des-organismes-subventionnaires\/#primaryimage\"},\"image\":{\"@id\":\"https:\/\/www.bbaf.ulaval.ca\/en\/nouvelles\/webinaire-sur-le-nouveau-cv-descriptif-des-organismes-subventionnaires\/#primaryimage\"},\"thumbnailUrl\":\"https:\/\/www.bbaf.ulaval.ca\/wp-content\/uploads\/2026\/04\/vignette-bulletin-webinaire-cv-descriptif.jpg\",\"datePublished\":\"2026-04-23T13:27:55+00:00\",\"author\":{\"@id\":\"https:\/\/www.bbaf.ulaval.ca\/en\/#\/schema\/person\/bd7554120dbea704c690bf4db11ff3b6\"},\"breadcrumb\":{\"@id\":\"https:\/\/www.bbaf.ulaval.ca\/en\/nouvelles\/webinaire-sur-le-nouveau-cv-descriptif-des-organismes-subventionnaires\/#breadcrumb\"},\"inLanguage\":\"en\",\"potentialAction\":[{\"@type\":\"ReadAction\",\"target\":[\"https:\/\/www.bbaf.ulaval.ca\/en\/nouvelles\/webinaire-sur-le-nouveau-cv-descriptif-des-organismes-subventionnaires\/\"]}]},{\"@type\":\"ImageObject\",\"inLanguage\":\"en\",\"@id\":\"https:\/\/www.bbaf.ulaval.ca\/en\/nouvelles\/webinaire-sur-le-nouveau-cv-descriptif-des-organismes-subventionnaires\/#primaryimage\",\"url\":\"https:\/\/www.bbaf.ulaval.ca\/wp-content\/uploads\/2026\/04\/vignette-bulletin-webinaire-cv-descriptif.jpg\",\"contentUrl\":\"https:\/\/www.bbaf.ulaval.ca\/wp-content\/uploads\/2026\/04\/vignette-bulletin-webinaire-cv-descriptif.jpg\"},{\"@type\":\"BreadcrumbList\",\"@id\":\"https:\/\/www.bbaf.ulaval.ca\/en\/nouvelles\/webinaire-sur-le-nouveau-cv-descriptif-des-organismes-subventionnaires\/#breadcrumb\",\"itemListElement\":[{\"@type\":\"ListItem\",\"position\":1,\"name\":\"Accueil\",\"item\":\"https:\/\/www.bbaf.ulaval.ca\/en\/\"},{\"@type\":\"ListItem\",\"position\":2,\"name\":\"Webinaire sur le nouveau CV descriptif des organismes subventionnaires\"}]},{\"@type\":\"WebSite\",\"@id\":\"https:\/\/www.bbaf.ulaval.ca\/en\/#website\",\"url\":\"https:\/\/www.bbaf.ulaval.ca\/en\/\",\"name\":\"Bureau des bourses et de l&#039;aide financi\u00e8re (BBAF)\",\"description\":\"Universit\u00e9 Laval\",\"potentialAction\":[{\"@type\":\"SearchAction\",\"target\":{\"@type\":\"EntryPoint\",\"urlTemplate\":\"https:\/\/www.bbaf.ulaval.ca\/en\/?s={search_term_string}\"},\"query-input\":{\"@type\":\"PropertyValueSpecification\",\"valueRequired\":true,\"valueName\":\"search_term_string\"}}],\"inLanguage\":\"en\"},{\"@type\":\"Person\",\"@id\":\"https:\/\/www.bbaf.ulaval.ca\/en\/#\/schema\/person\/bd7554120dbea704c690bf4db11ff3b6\",\"name\":\"Am\u00e9lie Lebel\",\"image\":{\"@type\":\"ImageObject\",\"inLanguage\":\"en\",\"@id\":\"https:\/\/www.bbaf.ulaval.ca\/en\/#\/schema\/person\/image\/\",\"url\":\"https:\/\/secure.gravatar.com\/avatar\/d3dc99664323b8cf8a2af8e451700f5c71381253db46cf9e61b4db09c06fa379?s=96&d=mm&r=g\",\"contentUrl\":\"https:\/\/secure.gravatar.com\/avatar\/d3dc99664323b8cf8a2af8e451700f5c71381253db46cf9e61b4db09c06fa379?s=96&d=mm&r=g\",\"caption\":\"Am\u00e9lie Lebel\"},\"url\":\"https:\/\/www.bbaf.ulaval.ca\/en\/author\/ambol11\/\"}]}<\/script>\n<!-- \/ Yoast SEO plugin. -->","yoast_head_json":{"title":"Webinaire sur le nouveau CV descriptif des organismes subventionnaires | Bureau des bourses et de l&#039;aide financi\u00e8re (BBAF)","robots":{"index":"index","follow":"follow","max-snippet":"max-snippet:-1","max-image-preview":"max-image-preview:large","max-video-preview":"max-video-preview:-1"},"canonical":"https:\/\/www.bbaf.ulaval.ca\/en\/nouvelles\/webinaire-sur-le-nouveau-cv-descriptif-des-organismes-subventionnaires\/","og_locale":"en_US","og_type":"article","og_title":"Webinaire sur le nouveau CV descriptif des organismes subventionnaires | Bureau des bourses et de l&#039;aide financi\u00e8re (BBAF)","og_description":"&nbsp; Assistez \u00e0 cette s\u00e9ance d&#8217;information sur le nouveau CV descriptif qui sera prochainement exig\u00e9 par les organismes subventionnaires! &nbsp; 12 mai 2026 de 9h \u00e0 10h Inscription obligatoire &nbsp; Vous \u00e9tudiez aux cycles sup\u00e9rieurs ou effectuez un stage postdoctoral et souhaitez prochainement soumettre votre dossier de candidature \u00e0 l&#8217;un des concours de bourses des [&hellip;]","og_url":"https:\/\/www.bbaf.ulaval.ca\/en\/nouvelles\/webinaire-sur-le-nouveau-cv-descriptif-des-organismes-subventionnaires\/","og_site_name":"Bureau des bourses et de l&#039;aide financi\u00e8re (BBAF)","article_publisher":"https:\/\/www.facebook.com\/bourses","article_published_time":"2026-04-23T13:27:55+00:00","og_image":[{"width":660,"height":232,"url":"https:\/\/www.bbaf.ulaval.ca\/wp-content\/uploads\/2026\/04\/vignette-bulletin-webinaire-cv-descriptif.jpg","type":"image\/jpeg"}],"author":"Am\u00e9lie Lebel","twitter_misc":{"Written by":"Am\u00e9lie Lebel","Est. reading time":"1 minute"},"schema":{"@context":"https:\/\/schema.org","@graph":[{"@type":"Article","@id":"https:\/\/www.bbaf.ulaval.ca\/en\/nouvelles\/webinaire-sur-le-nouveau-cv-descriptif-des-organismes-subventionnaires\/#article","isPartOf":{"@id":"https:\/\/www.bbaf.ulaval.ca\/en\/nouvelles\/webinaire-sur-le-nouveau-cv-descriptif-des-organismes-subventionnaires\/"},"author":{"name":"Am\u00e9lie Lebel","@id":"https:\/\/www.bbaf.ulaval.ca\/en\/#\/schema\/person\/bd7554120dbea704c690bf4db11ff3b6"},"headline":"Webinaire sur le nouveau CV descriptif des organismes subventionnaires","datePublished":"2026-04-23T13:27:55+00:00","mainEntityOfPage":{"@id":"https:\/\/www.bbaf.ulaval.ca\/en\/nouvelles\/webinaire-sur-le-nouveau-cv-descriptif-des-organismes-subventionnaires\/"},"wordCount":122,"image":{"@id":"https:\/\/www.bbaf.ulaval.ca\/en\/nouvelles\/webinaire-sur-le-nouveau-cv-descriptif-des-organismes-subventionnaires\/#primaryimage"},"thumbnailUrl":"https:\/\/www.bbaf.ulaval.ca\/wp-content\/uploads\/2026\/04\/vignette-bulletin-webinaire-cv-descriptif.jpg","articleSection":["Nouvelles"],"inLanguage":"en"},{"@type":"WebPage","@id":"https:\/\/www.bbaf.ulaval.ca\/en\/nouvelles\/webinaire-sur-le-nouveau-cv-descriptif-des-organismes-subventionnaires\/","url":"https:\/\/www.bbaf.ulaval.ca\/en\/nouvelles\/webinaire-sur-le-nouveau-cv-descriptif-des-organismes-subventionnaires\/","name":"Webinaire sur le nouveau CV descriptif des organismes subventionnaires | Bureau des bourses et de l&#039;aide financi\u00e8re (BBAF)","isPartOf":{"@id":"https:\/\/www.bbaf.ulaval.ca\/en\/#website"},"primaryImageOfPage":{"@id":"https:\/\/www.bbaf.ulaval.ca\/en\/nouvelles\/webinaire-sur-le-nouveau-cv-descriptif-des-organismes-subventionnaires\/#primaryimage"},"image":{"@id":"https:\/\/www.bbaf.ulaval.ca\/en\/nouvelles\/webinaire-sur-le-nouveau-cv-descriptif-des-organismes-subventionnaires\/#primaryimage"},"thumbnailUrl":"https:\/\/www.bbaf.ulaval.ca\/wp-content\/uploads\/2026\/04\/vignette-bulletin-webinaire-cv-descriptif.jpg","datePublished":"2026-04-23T13:27:55+00:00","author":{"@id":"https:\/\/www.bbaf.ulaval.ca\/en\/#\/schema\/person\/bd7554120dbea704c690bf4db11ff3b6"},"breadcrumb":{"@id":"https:\/\/www.bbaf.ulaval.ca\/en\/nouvelles\/webinaire-sur-le-nouveau-cv-descriptif-des-organismes-subventionnaires\/#breadcrumb"},"inLanguage":"en","potentialAction":[{"@type":"ReadAction","target":["https:\/\/www.bbaf.ulaval.ca\/en\/nouvelles\/webinaire-sur-le-nouveau-cv-descriptif-des-organismes-subventionnaires\/"]}]},{"@type":"ImageObject","inLanguage":"en","@id":"https:\/\/www.bbaf.ulaval.ca\/en\/nouvelles\/webinaire-sur-le-nouveau-cv-descriptif-des-organismes-subventionnaires\/#primaryimage","url":"https:\/\/www.bbaf.ulaval.ca\/wp-content\/uploads\/2026\/04\/vignette-bulletin-webinaire-cv-descriptif.jpg","contentUrl":"https:\/\/www.bbaf.ulaval.ca\/wp-content\/uploads\/2026\/04\/vignette-bulletin-webinaire-cv-descriptif.jpg"},{"@type":"BreadcrumbList","@id":"https:\/\/www.bbaf.ulaval.ca\/en\/nouvelles\/webinaire-sur-le-nouveau-cv-descriptif-des-organismes-subventionnaires\/#breadcrumb","itemListElement":[{"@type":"ListItem","position":1,"name":"Accueil","item":"https:\/\/www.bbaf.ulaval.ca\/en\/"},{"@type":"ListItem","position":2,"name":"Webinaire sur le nouveau CV descriptif des organismes subventionnaires"}]},{"@type":"WebSite","@id":"https:\/\/www.bbaf.ulaval.ca\/en\/#website","url":"https:\/\/www.bbaf.ulaval.ca\/en\/","name":"Bureau des bourses et de l&#039;aide financi\u00e8re (BBAF)","description":"Universit\u00e9 Laval","potentialAction":[{"@type":"SearchAction","target":{"@type":"EntryPoint","urlTemplate":"https:\/\/www.bbaf.ulaval.ca\/en\/?s={search_term_string}"},"query-input":{"@type":"PropertyValueSpecification","valueRequired":true,"valueName":"search_term_string"}}],"inLanguage":"en"},{"@type":"Person","@id":"https:\/\/www.bbaf.ulaval.ca\/en\/#\/schema\/person\/bd7554120dbea704c690bf4db11ff3b6","name":"Am\u00e9lie Lebel","image":{"@type":"ImageObject","inLanguage":"en","@id":"https:\/\/www.bbaf.ulaval.ca\/en\/#\/schema\/person\/image\/","url":"https:\/\/secure.gravatar.com\/avatar\/d3dc99664323b8cf8a2af8e451700f5c71381253db46cf9e61b4db09c06fa379?s=96&d=mm&r=g","contentUrl":"https:\/\/secure.gravatar.com\/avatar\/d3dc99664323b8cf8a2af8e451700f5c71381253db46cf9e61b4db09c06fa379?s=96&d=mm&r=g","caption":"Am\u00e9lie Lebel"},"url":"https:\/\/www.bbaf.ulaval.ca\/en\/author\/ambol11\/"}]}},"_links":{"self":[{"href":"https:\/\/www.bbaf.ulaval.ca\/en\/wp-json\/wp\/v2\/posts\/126419","targetHints":{"allow":["GET"]}}],"collection":[{"href":"https:\/\/www.bbaf.ulaval.ca\/en\/wp-json\/wp\/v2\/posts"}],"about":[{"href":"https:\/\/www.bbaf.ulaval.ca\/en\/wp-json\/wp\/v2\/types\/post"}],"author":[{"embeddable":true,"href":"https:\/\/www.bbaf.ulaval.ca\/en\/wp-json\/wp\/v2\/users\/42"}],"replies":[{"embeddable":true,"href":"https:\/\/www.bbaf.ulaval.ca\/en\/wp-json\/wp\/v2\/comments?post=126419"}],"version-history":[{"count":4,"href":"https:\/\/www.bbaf.ulaval.ca\/en\/wp-json\/wp\/v2\/posts\/126419\/revisions"}],"predecessor-version":[{"id":126424,"href":"https:\/\/www.bbaf.ulaval.ca\/en\/wp-json\/wp\/v2\/posts\/126419\/revisions\/126424"}],"wp:attachment":[{"href":"https:\/\/www.bbaf.ulaval.ca\/en\/wp-json\/wp\/v2\/media?parent=126419"}],"wp:term":[{"taxonomy":"category","embeddable":true,"href":"https:\/\/www.bbaf.ulaval.ca\/en\/wp-json\/wp\/v2\/categories?post=126419"},{"taxonomy":"post_tag","embeddable":true,"href":"https:\/\/www.bbaf.ulaval.ca\/en\/wp-json\/wp\/v2\/tags?post=126419"}],"curies":[{"name":"wp","href":"https:\/\/api.w.org\/{rel}","templated":true}]}}